{"id":12250,"date":"2026-09-01T10:52:34","date_gmt":"2026-09-01T08:52:34","guid":{"rendered":"https:\/\/eloforras.eu\/eloforras\/?p=12250"},"modified":"2026-09-01T10:52:47","modified_gmt":"2026-09-01T08:52:47","slug":"kiscsosz-lovasnapok-ostoros-palya","status":"publish","type":"post","link":"https:\/\/eloforras.eu\/eloforras\/2026\/09\/01\/kiscsosz-lovasnapok-ostoros-palya\/","title":{"rendered":"2026 Kiscs\u0151sz Lovasnapok Ostoros p\u00e1lya"},"content":{"rendered":"<p style=\"text-align: center;\">Az Egy\u00fctt\u00e9l\u00e9sben a a K\u00e1rp\u00e1t-medencei Lovas Kultur\u00e1lis Tal\u00e1lkoz\u00f3 programsorozat\u00e1ban kiemelked\u0151 programk\u00e9nt aj\u00e1nljuk figyelmetekbe a szombati napra tervezett ostorversenyt, melyet kiv\u00e1l\u00f3 Bar\u00e1taink szerveznek. A verseny jelent\u0151s d\u00edjaz\u00e1ssal kecsegtet!<br \/>\nV\u00e1rjuk a karik\u00e1st \u00fcgyesen kezel\u0151 jelentkez\u0151ket, fiatalokat, feln\u0151tteket!<\/p>\n<p><a href=\"https:\/\/eloforras.eu\/eloforras\/wp-content\/uploads\/2026\/09\/2026szeptkiscsoszilovasnapok.jpeg\"><img loading=\"lazy\" decoding=\"async\" class=\"size-large wp-image-12251 aligncenter\" src=\"https:\/\/eloforras.eu\/eloforras\/wp-content\/uploads\/2026\/09\/2026szeptkiscsoszilovasnapok-1024x576.jpeg\" alt=\"\" width=\"750\" height=\"422\" srcset=\"https:\/\/eloforras.eu\/eloforras\/wp-content\/uploads\/2026\/09\/2026szeptkiscsoszilovasnapok-1024x576.jpeg 1024w, https:\/\/eloforras.eu\/eloforras\/wp-content\/uploads\/2026\/09\/2026szeptkiscsoszilovasnapok-300x169.jpeg 300w, https:\/\/eloforras.eu\/eloforras\/wp-content\/uploads\/2026\/09\/2026szeptkiscsoszilovasnapok-768x432.jpeg 768w, https:\/\/eloforras.eu\/eloforras\/wp-content\/uploads\/2026\/09\/2026szeptkiscsoszilovasnapok-750x422.jpeg 750w, https:\/\/eloforras.eu\/eloforras\/wp-content\/uploads\/2026\/09\/2026szeptkiscsoszilovasnapok.jpeg 1365w\" sizes=\"auto, (max-width: 750px) 100vw, 750px\" \/><\/a><\/p>\n","protected":false},"excerpt":{"rendered":"<p>Az Egy\u00fctt\u00e9l\u00e9sben a a K\u00e1rp\u00e1t-medencei Lovas Kultur\u00e1lis Tal\u00e1lkoz\u00f3 programsorozat\u00e1ban kiemelked\u0151 programk\u00e9nt aj\u00e1nljuk figyelmetekbe a szombati napra tervezett ostorversenyt, melyet kiv\u00e1l\u00f3 Bar\u00e1taink szerveznek. A verseny jelent\u0151s d\u00edjaz\u00e1ssal kecsegtet! V\u00e1rjuk a karik\u00e1st \u00fcgyesen kezel\u0151 jelentkez\u0151ket, fiatalokat, feln\u0151tteket!<\/p>\n","protected":false},"author":1,"featured_media":0,"comment_status":"open","ping_status":"open","sticky":false,"template":"","format":"standard","meta":{"footnotes":""},"categories":[30],"tags":[],"class_list":["post-12250","post","type-post","status-publish","format-standard","hentry","category-hirek","item-wrap"],"_links":{"self":[{"href":"https:\/\/eloforras.eu\/eloforras\/wp-json\/wp\/v2\/posts\/12250","targetHints":{"allow":["GET"]}}],"collection":[{"href":"https:\/\/eloforras.eu\/eloforras\/wp-json\/wp\/v2\/posts"}],"about":[{"href":"https:\/\/eloforras.eu\/eloforras\/wp-json\/wp\/v2\/types\/post"}],"author":[{"embeddable":true,"href":"https:\/\/eloforras.eu\/eloforras\/wp-json\/wp\/v2\/users\/1"}],"replies":[{"embeddable":true,"href":"https:\/\/eloforras.eu\/eloforras\/wp-json\/wp\/v2\/comments?post=12250"}],"version-history":[{"count":2,"href":"https:\/\/eloforras.eu\/eloforras\/wp-json\/wp\/v2\/posts\/12250\/revisions"}],"predecessor-version":[{"id":12253,"href":"https:\/\/eloforras.eu\/eloforras\/wp-json\/wp\/v2\/posts\/12250\/revisions\/12253"}],"wp:attachment":[{"href":"https:\/\/eloforras.eu\/eloforras\/wp-json\/wp\/v2\/media?parent=12250"}],"wp:term":[{"taxonomy":"category","embeddable":true,"href":"https:\/\/eloforras.eu\/eloforras\/wp-json\/wp\/v2\/categories?post=12250"},{"taxonomy":"post_tag","embeddable":true,"href":"https:\/\/eloforras.eu\/eloforras\/wp-json\/wp\/v2\/tags?post=12250"}],"curies":[{"name":"wp","href":"https:\/\/api.w.org\/{rel}","templated":true}]}}